{"id":13682,"date":"2026-08-30T09:55:03","date_gmt":"2026-08-30T13:55:03","guid":{"rendered":"https:\/\/vivaglamglobal.com\/maria-vargas-miss-universe-mexico-2026-pisa-el-escenario-global-con-voz-propia\/"},"modified":"2026-08-30T10:14:46","modified_gmt":"2026-08-30T14:14:46","slug":"maria-vargas-miss-universe-mexico-2026-pisa-el-escenario-global-con-voz-propia","status":"publish","type":"post","link":"https:\/\/vivaglamglobal.com\/es\/maria-vargas-miss-universe-mexico-2026-pisa-el-escenario-global-con-voz-propia\/","title":{"rendered":"Mar\u00eda Vargas, Miss Universe Mexico 2026, pisa el escenario global con voz propia"},"content":{"rendered":"\n<p class=\"wp-block-paragraph\"><em><strong>Con presencia esc\u00e9nica, un claro sentido de prop\u00f3sito y una historia forjada por la resiliencia, la jalisciense inicia un nuevo cap\u00edtulo para M\u00e9xico en el escenario internacional de los cert\u00e1menes de belleza.<\/strong><\/em><\/p>\n\n<!--more-->\n\n<p class=\"wp-block-paragraph\">En una noche definida por el glamur, la expectaci\u00f3n y un poderoso sentido de simbolismo para la tradici\u00f3n mexicana de los cert\u00e1menes, Mar\u00eda Vargas, representante de Jalisco, fue coronada Miss Universe Mexico 2026 durante la gran final celebrada el 29 de agosto en Rancho Tierra Sagrada by Cabo Adventures en Cabo San Lucas, Los Cabos. La gala reuni\u00f3 a 32 concursantes, representando las 32 regiones de M\u00e9xico, y se desarroll\u00f3 como una velada de alto impacto con momentos de pasarela, eliminaciones secuenciales y una celebraci\u00f3n del orgullo nacional. Su victoria la posiciona como la nueva voz de M\u00e9xico en el camino hacia Miss Universe 2026, que tendr\u00e1 lugar en San Juan, Puerto Rico.  <\/p>\n\n<h2 class=\"wp-block-heading\">Una gala cargada de tensi\u00f3n, glamur y proyecci\u00f3n internacional<\/h2>\n\n<p class=\"wp-block-paragraph\">La competencia avanz\u00f3 a trav\u00e9s de varias rondas, reduciendo el grupo inicial al Top 16, luego al Top 10 y finalmente al Top 5. En ese tramo final, el certamen mostr\u00f3 no solo elegancia y presencia esc\u00e9nica, sino tambi\u00e9n la capacidad de cada concursante para comunicarse con prop\u00f3sito. Las finalistas se enfrentaron a la ronda de preguntas, donde temas de liderazgo, empat\u00eda, impacto social y autenticidad marcaron el tono de la noche. Fue all\u00ed donde Mar\u00eda comenz\u00f3 a consolidar una narrativa que trascendi\u00f3 el brillo de la pasarela.   <\/p>\n\n<figure class=\"wp-block-embed is-type-rich is-provider-instagram wp-block-embed-instagram\"><div class=\"wp-block-embed__wrapper\">\n<blockquote class=\"instagram-media\" data-instgrm-captioned data-instgrm-permalink=\"https:\/\/www.instagram.com\/reel\/DcpxYQoIBi6\/?utm_source=ig_embed&amp;utm_campaign=loading\" data-instgrm-version=\"14\" style=\" background:#FFF; border:0; border-radius:3px; box-shadow:0 0 1px 0 rgba(0,0,0,0.5),0 1px 10px 0 rgba(0,0,0,0.15); margin: 1px; max-width:658px; min-width:326px; padding:0; width:99.375%; width:-webkit-calc(100% - 2px); width:calc(100% - 2px);\"><div style=\"padding:16px;\"> <a href=\"https:\/\/www.instagram.com\/reel\/DcpxYQoIBi6\/?utm_source=ig_embed&amp;utm_campaign=loading\" style=\" background:#FFFFFF; line-height:0; padding:0 0; text-align:center; text-decoration:none; width:100%;\" target=\"_blank\"> <div style=\" display: flex; flex-direction: row; align-items: center;\"> <div style=\"background-color: #F4F4F4; border-radius: 50%; flex-grow: 0; height: 40px; margin-right: 14px; width: 40px;\"><\/div> <div style=\"display: flex; flex-direction: column; flex-grow: 1; justify-content: center;\"> <div style=\" background-color: #F4F4F4; border-radius: 4px; flex-grow: 0; height: 14px; margin-bottom: 6px; width: 100px;\"><\/div> <div style=\" background-color: #F4F4F4; border-radius: 4px; flex-grow: 0; height: 14px; width: 60px;\"><\/div><\/div><\/div><div style=\"padding: 19% 0;\"><\/div> <div style=\"display:block; height:50px; margin:0 auto 12px; width:50px;\"><svg width=\"50px\" height=\"50px\" viewBox=\"0 0 60 60\" version=\"1.1\" xmlns=\"https:\/\/www.w3.org\/2000\/svg\" xmlns:xlink=\"https:\/\/www.w3.org\/1999\/xlink\"><g stroke=\"none\" stroke-width=\"1\" fill=\"none\" fill-rule=\"evenodd\"><g transform=\"translate(-511.000000, -20.000000)\" fill=\"#000000\"><g><path d=\"M556.869,30.41 C554.814,30.41 553.148,32.076 553.148,34.131 C553.148,36.186 554.814,37.852 556.869,37.852 C558.924,37.852 560.59,36.186 560.59,34.131 C560.59,32.076 558.924,30.41 556.869,30.41 M541,60.657 C535.114,60.657 530.342,55.887 530.342,50 C530.342,44.114 535.114,39.342 541,39.342 C546.887,39.342 551.658,44.114 551.658,50 C551.658,55.887 546.887,60.657 541,60.657 M541,33.886 C532.1,33.886 524.886,41.1 524.886,50 C524.886,58.899 532.1,66.113 541,66.113 C549.9,66.113 557.115,58.899 557.115,50 C557.115,41.1 549.9,33.886 541,33.886 M565.378,62.101 C565.244,65.022 564.756,66.606 564.346,67.663 C563.803,69.06 563.154,70.057 562.106,71.106 C561.058,72.155 560.06,72.803 558.662,73.347 C557.607,73.757 556.021,74.244 553.102,74.378 C549.944,74.521 548.997,74.552 541,74.552 C533.003,74.552 532.056,74.521 528.898,74.378 C525.979,74.244 524.393,73.757 523.338,73.347 C521.94,72.803 520.942,72.155 519.894,71.106 C518.846,70.057 518.197,69.06 517.654,67.663 C517.244,66.606 516.755,65.022 516.623,62.101 C516.479,58.943 516.448,57.996 516.448,50 C516.448,42.003 516.479,41.056 516.623,37.899 C516.755,34.978 517.244,33.391 517.654,32.338 C518.197,30.938 518.846,29.942 519.894,28.894 C520.942,27.846 521.94,27.196 523.338,26.654 C524.393,26.244 525.979,25.756 528.898,25.623 C532.057,25.479 533.004,25.448 541,25.448 C548.997,25.448 549.943,25.479 553.102,25.623 C556.021,25.756 557.607,26.244 558.662,26.654 C560.06,27.196 561.058,27.846 562.106,28.894 C563.154,29.942 563.803,30.938 564.346,32.338 C564.756,33.391 565.244,34.978 565.378,37.899 C565.522,41.056 565.552,42.003 565.552,50 C565.552,57.996 565.522,58.943 565.378,62.101 M570.82,37.631 C570.674,34.438 570.167,32.258 569.425,30.349 C568.659,28.377 567.633,26.702 565.965,25.035 C564.297,23.368 562.623,22.342 560.652,21.575 C558.743,20.834 556.562,20.326 553.369,20.18 C550.169,20.033 549.148,20 541,20 C532.853,20 531.831,20.033 528.631,20.18 C525.438,20.326 523.257,20.834 521.349,21.575 C519.376,22.342 517.703,23.368 516.035,25.035 C514.368,26.702 513.342,28.377 512.574,30.349 C511.834,32.258 511.326,34.438 511.181,37.631 C511.035,40.831 511,41.851 511,50 C511,58.147 511.035,59.17 511.181,62.369 C511.326,65.562 511.834,67.743 512.574,69.651 C513.342,71.625 514.368,73.296 516.035,74.965 C517.703,76.634 519.376,77.658 521.349,78.425 C523.257,79.167 525.438,79.673 528.631,79.82 C531.831,79.965 532.853,80.001 541,80.001 C549.148,80.001 550.169,79.965 553.369,79.82 C556.562,79.673 558.743,79.167 560.652,78.425 C562.623,77.658 564.297,76.634 565.965,74.965 C567.633,73.296 568.659,71.625 569.425,69.651 C570.167,67.743 570.674,65.562 570.82,62.369 C570.966,59.17 571,58.147 571,50 C571,41.851 570.966,40.831 570.82,37.631\"><\/path><\/g><\/g><\/g><\/svg><\/div><div style=\"padding-top: 8px;\"> <div style=\" color:#3897f0; font-family:Arial,sans-serif; font-size:14px; font-style:normal; font-weight:550; line-height:18px;\">View this post on Instagram<\/div><\/div><div style=\"padding: 12.5% 0;\"><\/div> <div style=\"display: flex; flex-direction: row; margin-bottom: 14px; align-items: center;\"><div> <div style=\"background-color: #F4F4F4; border-radius: 50%; height: 12.5px; width: 12.5px; transform: translateX(0px) translateY(7px);\"><\/div> <div style=\"background-color: #F4F4F4; height: 12.5px; transform: rotate(-45deg) translateX(3px) translateY(1px); width: 12.5px; flex-grow: 0; margin-right: 14px; margin-left: 2px;\"><\/div> <div style=\"background-color: #F4F4F4; border-radius: 50%; height: 12.5px; width: 12.5px; transform: translateX(9px) translateY(-18px);\"><\/div><\/div><div style=\"margin-left: 8px;\"> <div style=\" background-color: #F4F4F4; border-radius: 50%; flex-grow: 0; height: 20px; width: 20px;\"><\/div> <div style=\" width: 0; height: 0; border-top: 2px solid transparent; border-left: 6px solid #f4f4f4; border-bottom: 2px solid transparent; transform: translateX(16px) translateY(-4px) rotate(30deg)\"><\/div><\/div><div style=\"margin-left: auto;\"> <div style=\" width: 0px; border-top: 8px solid #F4F4F4; border-right: 8px solid transparent; transform: translateY(16px);\"><\/div> <div style=\" background-color: #F4F4F4; flex-grow: 0; height: 12px; width: 16px; transform: translateY(-4px);\"><\/div> <div style=\" width: 0; height: 0; border-top: 8px solid #F4F4F4; border-left: 8px solid transparent; transform: translateY(-4px) translateX(8px);\"><\/div><\/div><\/div> <div style=\"display: flex; flex-direction: column; flex-grow: 1; justify-content: center; margin-bottom: 24px;\"> <div style=\" background-color: #F4F4F4; border-radius: 4px; flex-grow: 0; height: 14px; margin-bottom: 6px; width: 224px;\"><\/div> <div style=\" background-color: #F4F4F4; border-radius: 4px; flex-grow: 0; height: 14px; width: 144px;\"><\/div><\/div><\/a><\/div><\/blockquote><script async src=\"\/\/platform.instagram.com\/en_US\/embeds.js\"><\/script>\n<\/div><\/figure>\n\n<h2 class=\"wp-block-heading\">M\u00e1s all\u00e1 de la corona<\/h2>\n\n<p class=\"wp-block-paragraph\">A sus 28 a\u00f1os, la jalisciense se dirige a la competencia internacional con una imagen que combina elegancia contempor\u00e1nea, disciplina y una historia personal forjada por la resiliencia. Adem\u00e1s de su experiencia como modelo, Mar\u00eda Vargas posee un t\u00edtulo en Negocios Internacionales, es emprendedora y tambi\u00e9n escritora, un perfil que otorga a su reinado una dimensi\u00f3n editorial m\u00e1s s\u00f3lida. Representa no solo belleza sobre el escenario, sino tambi\u00e9n una voz con un punto de vista claro.  <\/p>\n\n<p class=\"wp-block-paragraph\">Uno de los elementos m\u00e1s convincentes de su historia es su proyecto literario, <em>Miss Trouble, la reina de los problemas<\/em>, un libro inspirado en experiencias personales, cr\u00edticas y etiquetas que ha elegido transformar en parte de su identidad. En un momento en que los cert\u00e1menes est\u00e1n siendo empujados m\u00e1s all\u00e1 de la pasarela, Vargas parece encarnar esa evoluci\u00f3n: una reina capaz de convertir la vulnerabilidad en narrativa y la visibilidad p\u00fablica en plataforma. <\/p>\n\n<h2 class=\"wp-block-heading\">El Top 5 que defini\u00f3 la noche<\/h2>\n\n<p class=\"wp-block-paragraph\">El grupo final reuni\u00f3 a cinco representantes que mantuvieron viva la tensi\u00f3n hasta el \u00faltimo anuncio: Mar\u00eda Vargas de Jalisco, Mariana Mac\u00edas de Michoac\u00e1n, Fernanda Abaroa de Guerrero, G\u00e9nesis Vera de Veracruz y Ximena Ochoa de la Ciudad de M\u00e9xico. En los resultados finales, Ximena Ochoa fue nombrada cuarta finalista, G\u00e9nesis Vera tercera finalista, Fernanda Abaroa segunda finalista y Mariana Mac\u00edas primera finalista, permaneciendo junto a Mar\u00eda Vargas en el momento decisivo de la noche. Cuando el nombre de Jalisco fue anunciado como ganador, la coronaci\u00f3n se convirti\u00f3 en uno de los momentos m\u00e1s comentados del certamen.  <\/p>\n\n<p class=\"wp-block-paragraph\">F\u00e1tima Bosch tambi\u00e9n aport\u00f3 una carga emocional a la gala. Antes de entregar la corona, regres\u00f3 al escenario para despedirse de su reinado nacional con un mensaje sobre la fortaleza que encontr\u00f3 al representar a M\u00e9xico durante un a\u00f1o complejo. Su \u00faltima caminata por la pasarela, definida por una elegancia pulida, se convirti\u00f3 en un puente simb\u00f3lico entre una reina que hizo historia y una sucesora que ahora lleva la promesa de mantener a M\u00e9xico en el centro de la conversaci\u00f3n global de los cert\u00e1menes.  <\/p>\n\n<p class=\"wp-block-paragraph\">Su mensaje final tambi\u00e9n gener\u00f3 conversaci\u00f3n. Mar\u00eda hizo referencia al legado de F\u00e1tima Bosch y habl\u00f3 sobre la importancia de alzar la voz mientras tambi\u00e9n se aprende a escuchar. La idea captura el tono de su llegada: menos perfecci\u00f3n distante, m\u00e1s conexi\u00f3n humana, una combinaci\u00f3n que podr\u00eda jugar a su favor en el escenario internacional.  <\/p>\n\n<h2 class=\"wp-block-heading\">Perspectiva Viva Glam<\/h2>\n\n<p class=\"wp-block-paragraph\"><strong>Mar\u00eda Vargas llega no simplemente como una reina de belleza, sino como una mujer que comprende el poder de contar su propia historia.<\/strong> Su reinado comienza con una mezcla de sofisticaci\u00f3n, prop\u00f3sito y autenticidad, tres cualidades que ahora pesan tanto como la corona misma. Si logra sostener esa narrativa con confianza, M\u00e9xico podr\u00eda tener una vez m\u00e1s una candidata capaz de conectar con una audiencia global a trav\u00e9s de algo m\u00e1s profundo que la imagen: su voz. <\/p>\n","protected":false},"excerpt":{"rendered":"<p>La representante de Jalisco fue coronada en Los Cabos y ahora se prepara para llevar el nombre de M\u00e9xico a Miss Universe 2026 en Puerto Rico.<\/p>\n","protected":false},"author":1,"featured_media":13683,"comment_status":"closed","ping_status":"closed","sticky":false,"template":"","format":"standard","meta":{"_acf_changed":false,"_jetpack_newsletter_access":"","_jetpack_dont_email_post_to_subs":false,"_jetpack_newsletter_tier_id":0,"_jetpack_memberships_contains_paywalled_content":false,"page_builder":"","_jetpack_feature_clip_id":0,"_jetpack_memberships_contains_paid_content":false,"footnotes":"","jetpack_publicize_message":"","jetpack_publicize_feature_enabled":true,"jetpack_social_post_already_shared":true,"jetpack_social_options":{"image_generator_settings":{"template":"highway","default_image_id":0,"font":"","enabled":false},"version":2},"jetpack_post_was_ever_published":false},"categories":[98],"tags":[99,143,141,142],"class_list":["post-13682","post","type-post","status-publish","format-standard","has-post-thumbnail","hentry","category-belleza","tag-certamen-de-belleza","tag-maria-vargas","tag-miss-universe","tag-miss-universe-mexico"],"acf":[],"aioseo_notices":[],"aioseo_head":"\n\t\t<!-- All in One SEO 5.0.1.1 - aioseo.com -->\n\t<meta name=\"description\" content=\"La representante de Jalisco fue coronada en Los Cabos y ahora se prepara para llevar el nombre de M\u00e9xico a Miss Universe 2026 en Puerto Rico.\" \/>\n\t<meta name=\"robots\" content=\"max-image-preview:large\" \/>\n\t<meta name=\"author\" content=\"Staff\"\/>\n\t<meta name=\"p:domain_verify\" content=\"c7fb359156102f6b679522832a5653c0\" \/>\n\t<link rel=\"canonical\" href=\"https:\/\/vivaglamglobal.com\/es\/maria-vargas-miss-universe-mexico-2026-pisa-el-escenario-global-con-voz-propia\/\" \/>\n\t<meta name=\"generator\" content=\"All in One SEO (AIOSEO) 5.0.1.1\" \/>\n\t\t<meta property=\"og:locale\" content=\"es_ES\" \/>\n\t\t<meta property=\"og:site_name\" content=\"Viva Glam Global \u2022 Entertainment &amp; Lifestyle\" \/>\n\t\t<meta property=\"og:type\" content=\"article\" \/>\n\t\t<meta property=\"og:title\" content=\"Mar\u00eda Vargas, Miss Universe Mexico 2026, pisa el escenario global con voz propia \u2022 Viva Glam Global\" \/>\n\t\t<meta property=\"og:description\" content=\"La representante de Jalisco fue coronada en Los Cabos y ahora se prepara para llevar el nombre de M\u00e9xico a Miss Universe 2026 en Puerto Rico.\" \/>\n\t\t<meta property=\"og:url\" content=\"https:\/\/vivaglamglobal.com\/es\/maria-vargas-miss-universe-mexico-2026-pisa-el-escenario-global-con-voz-propia\/\" \/>\n\t\t<meta property=\"og:image\" content=\"https:\/\/vivaglamglobal.com\/wp-content\/uploads\/2026\/08\/Maria-Vargas-Miss-Universe-Mexico-2026.jpg\" \/>\n\t\t<meta property=\"og:image:secure_url\" content=\"https:\/\/vivaglamglobal.com\/wp-content\/uploads\/2026\/08\/Maria-Vargas-Miss-Universe-Mexico-2026.jpg\" \/>\n\t\t<meta property=\"og:image:width\" content=\"1274\" \/>\n\t\t<meta property=\"og:image:height\" content=\"964\" \/>\n\t\t<meta property=\"article:published_time\" content=\"2026-08-30T13:55:03+00:00\" \/>\n\t\t<meta property=\"article:modified_time\" content=\"2026-08-30T14:14:46+00:00\" \/>\n\t\t<meta property=\"article:publisher\" content=\"https:\/\/facebook.com\/vivaglamglobal\" \/>\n\t\t<meta name=\"twitter:card\" content=\"summary_large_image\" \/>\n\t\t<meta name=\"twitter:site\" content=\"@vivaglamglobal\" \/>\n\t\t<meta name=\"twitter:title\" content=\"Mar\u00eda Vargas, Miss Universe Mexico 2026, pisa el escenario global con voz propia \u2022 Viva Glam Global\" \/>\n\t\t<meta name=\"twitter:description\" content=\"La representante de Jalisco fue coronada en Los Cabos y ahora se prepara para llevar el nombre de M\u00e9xico a Miss Universe 2026 en Puerto Rico.\" \/>\n\t\t<meta name=\"twitter:creator\" content=\"@vivaglamglobal\" \/>\n\t\t<meta name=\"twitter:image\" content=\"https:\/\/vivaglamglobal.com\/wp-content\/uploads\/2026\/08\/Maria-Vargas-Miss-Universe-Mexico-2026.jpg\" \/>\n\t\t<script type=\"application\/ld+json\" class=\"aioseo-schema\">\n\t\t\t{\"@context\":\"https:\\\/\\\/schema.org\",\"@graph\":[{\"@type\":\"BlogPosting\",\"@id\":\"https:\\\/\\\/vivaglamglobal.com\\\/es\\\/maria-vargas-miss-universe-mexico-2026-pisa-el-escenario-global-con-voz-propia\\\/#blogposting\",\"name\":\"Mar\\u00eda Vargas, Miss Universe Mexico 2026, pisa el escenario global con voz propia \\u2022 Viva Glam Global\",\"headline\":\"Mar\\u00eda Vargas, Miss Universe Mexico 2026, pisa el escenario global con voz propia\",\"author\":{\"@id\":\"https:\\\/\\\/vivaglamglobal.com\\\/es\\\/author\\\/user\\\/#author\"},\"publisher\":{\"@id\":\"https:\\\/\\\/vivaglamglobal.com\\\/es\\\/#organization\"},\"image\":{\"@type\":\"ImageObject\",\"url\":\"https:\\\/\\\/vivaglamglobal.com\\\/wp-content\\\/uploads\\\/2026\\\/08\\\/Maria-Vargas-Miss-Universe-Mexico-2026.jpg\",\"width\":1274,\"height\":964},\"datePublished\":\"2026-08-30T09:55:03-04:00\",\"dateModified\":\"2026-08-30T10:14:46-04:00\",\"inLanguage\":\"es-ES\",\"mainEntityOfPage\":{\"@id\":\"https:\\\/\\\/vivaglamglobal.com\\\/es\\\/maria-vargas-miss-universe-mexico-2026-pisa-el-escenario-global-con-voz-propia\\\/#webpage\"},\"isPartOf\":{\"@id\":\"https:\\\/\\\/vivaglamglobal.com\\\/es\\\/maria-vargas-miss-universe-mexico-2026-pisa-el-escenario-global-con-voz-propia\\\/#webpage\"},\"articleSection\":\"Belleza, Certamen de belleza, Mar\\u00eda Vargas, Miss Universe, Miss Universe Mexico, Opcional\"},{\"@type\":\"BreadcrumbList\",\"@id\":\"https:\\\/\\\/vivaglamglobal.com\\\/es\\\/maria-vargas-miss-universe-mexico-2026-pisa-el-escenario-global-con-voz-propia\\\/#breadcrumblist\",\"itemListElement\":[{\"@type\":\"ListItem\",\"@id\":\"https:\\\/\\\/vivaglamglobal.com\\\/es\\\/#listItem\",\"position\":1,\"name\":\"Home\",\"item\":\"https:\\\/\\\/vivaglamglobal.com\\\/es\\\/\",\"nextItem\":{\"@type\":\"ListItem\",\"@id\":\"https:\\\/\\\/vivaglamglobal.com\\\/es\\\/belleza\\\/#listItem\",\"name\":\"Belleza\"}},{\"@type\":\"ListItem\",\"@id\":\"https:\\\/\\\/vivaglamglobal.com\\\/es\\\/belleza\\\/#listItem\",\"position\":2,\"name\":\"Belleza\",\"item\":\"https:\\\/\\\/vivaglamglobal.com\\\/es\\\/belleza\\\/\",\"nextItem\":{\"@type\":\"ListItem\",\"@id\":\"https:\\\/\\\/vivaglamglobal.com\\\/es\\\/maria-vargas-miss-universe-mexico-2026-pisa-el-escenario-global-con-voz-propia\\\/#listItem\",\"name\":\"Mar\\u00eda Vargas, Miss Universe Mexico 2026, pisa el escenario global con voz propia\"},\"previousItem\":{\"@type\":\"ListItem\",\"@id\":\"https:\\\/\\\/vivaglamglobal.com\\\/es\\\/#listItem\",\"name\":\"Home\"}},{\"@type\":\"ListItem\",\"@id\":\"https:\\\/\\\/vivaglamglobal.com\\\/es\\\/maria-vargas-miss-universe-mexico-2026-pisa-el-escenario-global-con-voz-propia\\\/#listItem\",\"position\":3,\"name\":\"Mar\\u00eda Vargas, Miss Universe Mexico 2026, pisa el escenario global con voz propia\",\"previousItem\":{\"@type\":\"ListItem\",\"@id\":\"https:\\\/\\\/vivaglamglobal.com\\\/es\\\/belleza\\\/#listItem\",\"name\":\"Belleza\"}}]},{\"@type\":\"Organization\",\"@id\":\"https:\\\/\\\/vivaglamglobal.com\\\/es\\\/#organization\",\"name\":\"Viva Glam Global\",\"description\":\"Entertainment & Lifestyle\",\"url\":\"https:\\\/\\\/vivaglamglobal.com\\\/es\\\/\",\"email\":\"mel.diaz@mediaforceglobal.com\",\"telephone\":\"+17862710313\",\"foundingDate\":\"2024-05-01\",\"numberOfEmployees\":{\"@type\":\"QuantitativeValue\",\"minValue\":1,\"maxValue\":6},\"logo\":{\"@type\":\"ImageObject\",\"url\":\"https:\\\/\\\/vivaglamglobal-media.s3.us-east-2.amazonaws.com\\\/wp-content\\\/uploads\\\/2025\\\/03\\\/Viva-Glam-Global-Digital-Media.webp\",\"@id\":\"https:\\\/\\\/vivaglamglobal.com\\\/es\\\/maria-vargas-miss-universe-mexico-2026-pisa-el-escenario-global-con-voz-propia\\\/#organizationLogo\",\"width\":1600,\"height\":1600},\"image\":{\"@id\":\"https:\\\/\\\/vivaglamglobal.com\\\/es\\\/maria-vargas-miss-universe-mexico-2026-pisa-el-escenario-global-con-voz-propia\\\/#organizationLogo\"},\"sameAs\":[\"https:\\\/\\\/facebook.com\\\/vivaglamglobal\",\"https:\\\/\\\/x.com\\\/vivaglamglobal\",\"https:\\\/\\\/instagram.com\\\/vivaglamglobal\",\"https:\\\/\\\/tiktok.com\\\/@vivaglamglobal\",\"https:\\\/\\\/pinterest.com\\\/vivaglamglobal\",\"https:\\\/\\\/youtube.com\\\/vivaglamglobal\",\"https:\\\/\\\/linkedin.com\\\/in\\\/vivaglamglobal\",\"https:\\\/\\\/threads.com\\\/@vivaglamglobal\"]},{\"@type\":\"Person\",\"@id\":\"https:\\\/\\\/vivaglamglobal.com\\\/es\\\/author\\\/user\\\/#author\",\"url\":\"https:\\\/\\\/vivaglamglobal.com\\\/es\\\/author\\\/user\\\/\",\"name\":\"Staff\",\"image\":{\"@type\":\"ImageObject\",\"@id\":\"https:\\\/\\\/vivaglamglobal.com\\\/es\\\/maria-vargas-miss-universe-mexico-2026-pisa-el-escenario-global-con-voz-propia\\\/#authorImage\",\"url\":\"https:\\\/\\\/secure.gravatar.com\\\/avatar\\\/91618d41d75a4de8534513840b31d2be1c9485fb9dc8f5ffdf29c4fbf5943cb8?s=96&d=mm&r=g\",\"width\":96,\"height\":96,\"caption\":\"Staff\"}},{\"@type\":\"WebPage\",\"@id\":\"https:\\\/\\\/vivaglamglobal.com\\\/es\\\/maria-vargas-miss-universe-mexico-2026-pisa-el-escenario-global-con-voz-propia\\\/#webpage\",\"url\":\"https:\\\/\\\/vivaglamglobal.com\\\/es\\\/maria-vargas-miss-universe-mexico-2026-pisa-el-escenario-global-con-voz-propia\\\/\",\"name\":\"Mar\\u00eda Vargas, Miss Universe Mexico 2026, pisa el escenario global con voz propia \\u2022 Viva Glam Global\",\"description\":\"La representante de Jalisco fue coronada en Los Cabos y ahora se prepara para llevar el nombre de M\\u00e9xico a Miss Universe 2026 en Puerto Rico.\",\"inLanguage\":\"es-ES\",\"isPartOf\":{\"@id\":\"https:\\\/\\\/vivaglamglobal.com\\\/es\\\/#website\"},\"breadcrumb\":{\"@id\":\"https:\\\/\\\/vivaglamglobal.com\\\/es\\\/maria-vargas-miss-universe-mexico-2026-pisa-el-escenario-global-con-voz-propia\\\/#breadcrumblist\"},\"author\":{\"@id\":\"https:\\\/\\\/vivaglamglobal.com\\\/es\\\/author\\\/user\\\/#author\"},\"creator\":{\"@id\":\"https:\\\/\\\/vivaglamglobal.com\\\/es\\\/author\\\/user\\\/#author\"},\"image\":{\"@type\":\"ImageObject\",\"url\":\"https:\\\/\\\/vivaglamglobal.com\\\/wp-content\\\/uploads\\\/2026\\\/08\\\/Maria-Vargas-Miss-Universe-Mexico-2026.jpg\",\"@id\":\"https:\\\/\\\/vivaglamglobal.com\\\/es\\\/maria-vargas-miss-universe-mexico-2026-pisa-el-escenario-global-con-voz-propia\\\/#mainImage\",\"width\":1274,\"height\":964},\"primaryImageOfPage\":{\"@id\":\"https:\\\/\\\/vivaglamglobal.com\\\/es\\\/maria-vargas-miss-universe-mexico-2026-pisa-el-escenario-global-con-voz-propia\\\/#mainImage\"},\"datePublished\":\"2026-08-30T09:55:03-04:00\",\"dateModified\":\"2026-08-30T10:14:46-04:00\"},{\"@type\":\"WebSite\",\"@id\":\"https:\\\/\\\/vivaglamglobal.com\\\/es\\\/#website\",\"url\":\"https:\\\/\\\/vivaglamglobal.com\\\/es\\\/\",\"name\":\"Viva Glam Global\",\"alternateName\":\"Viva Glam\",\"description\":\"Entertainment & Lifestyle\",\"inLanguage\":\"es-ES\",\"publisher\":{\"@id\":\"https:\\\/\\\/vivaglamglobal.com\\\/es\\\/#organization\"}}]}\n\t\t<\/script>\n\t\t<!-- All in One SEO -->\n\n","aioseo_head_json":{"title":"Mar\u00eda Vargas, Miss Universe Mexico 2026, pisa el escenario global con voz propia \u2022 Viva Glam Global","description":"La representante de Jalisco fue coronada en Los Cabos y ahora se prepara para llevar el nombre de M\u00e9xico a Miss Universe 2026 en Puerto Rico.","canonical_url":"https:\/\/vivaglamglobal.com\/es\/maria-vargas-miss-universe-mexico-2026-pisa-el-escenario-global-con-voz-propia\/","robots":"max-image-preview:large","keywords":"","webmasterTools":{"p:domain_verify":"c7fb359156102f6b679522832a5653c0","miscellaneous":""},"schema":{"@context":"https:\/\/schema.org","@graph":[{"@type":"BlogPosting","@id":"https:\/\/vivaglamglobal.com\/es\/maria-vargas-miss-universe-mexico-2026-pisa-el-escenario-global-con-voz-propia\/#blogposting","name":"Mar\u00eda Vargas, Miss Universe Mexico 2026, pisa el escenario global con voz propia \u2022 Viva Glam Global","headline":"Mar\u00eda Vargas, Miss Universe Mexico 2026, pisa el escenario global con voz propia","author":{"@id":"https:\/\/vivaglamglobal.com\/es\/author\/user\/#author"},"publisher":{"@id":"https:\/\/vivaglamglobal.com\/es\/#organization"},"image":{"@type":"ImageObject","url":"https:\/\/vivaglamglobal.com\/wp-content\/uploads\/2026\/08\/Maria-Vargas-Miss-Universe-Mexico-2026.jpg","width":1274,"height":964},"datePublished":"2026-08-30T09:55:03-04:00","dateModified":"2026-08-30T10:14:46-04:00","inLanguage":"es-ES","mainEntityOfPage":{"@id":"https:\/\/vivaglamglobal.com\/es\/maria-vargas-miss-universe-mexico-2026-pisa-el-escenario-global-con-voz-propia\/#webpage"},"isPartOf":{"@id":"https:\/\/vivaglamglobal.com\/es\/maria-vargas-miss-universe-mexico-2026-pisa-el-escenario-global-con-voz-propia\/#webpage"},"articleSection":"Belleza, Certamen de belleza, Mar\u00eda Vargas, Miss Universe, Miss Universe Mexico, Opcional"},{"@type":"BreadcrumbList","@id":"https:\/\/vivaglamglobal.com\/es\/maria-vargas-miss-universe-mexico-2026-pisa-el-escenario-global-con-voz-propia\/#breadcrumblist","itemListElement":[{"@type":"ListItem","@id":"https:\/\/vivaglamglobal.com\/es\/#listItem","position":1,"name":"Home","item":"https:\/\/vivaglamglobal.com\/es\/","nextItem":{"@type":"ListItem","@id":"https:\/\/vivaglamglobal.com\/es\/belleza\/#listItem","name":"Belleza"}},{"@type":"ListItem","@id":"https:\/\/vivaglamglobal.com\/es\/belleza\/#listItem","position":2,"name":"Belleza","item":"https:\/\/vivaglamglobal.com\/es\/belleza\/","nextItem":{"@type":"ListItem","@id":"https:\/\/vivaglamglobal.com\/es\/maria-vargas-miss-universe-mexico-2026-pisa-el-escenario-global-con-voz-propia\/#listItem","name":"Mar\u00eda Vargas, Miss Universe Mexico 2026, pisa el escenario global con voz propia"},"previousItem":{"@type":"ListItem","@id":"https:\/\/vivaglamglobal.com\/es\/#listItem","name":"Home"}},{"@type":"ListItem","@id":"https:\/\/vivaglamglobal.com\/es\/maria-vargas-miss-universe-mexico-2026-pisa-el-escenario-global-con-voz-propia\/#listItem","position":3,"name":"Mar\u00eda Vargas, Miss Universe Mexico 2026, pisa el escenario global con voz propia","previousItem":{"@type":"ListItem","@id":"https:\/\/vivaglamglobal.com\/es\/belleza\/#listItem","name":"Belleza"}}]},{"@type":"Organization","@id":"https:\/\/vivaglamglobal.com\/es\/#organization","name":"Viva Glam Global","description":"Entertainment & Lifestyle","url":"https:\/\/vivaglamglobal.com\/es\/","email":"mel.diaz@mediaforceglobal.com","telephone":"+17862710313","foundingDate":"2024-05-01","numberOfEmployees":{"@type":"QuantitativeValue","minValue":1,"maxValue":6},"logo":{"@type":"ImageObject","url":"https:\/\/vivaglamglobal-media.s3.us-east-2.amazonaws.com\/wp-content\/uploads\/2025\/03\/Viva-Glam-Global-Digital-Media.webp","@id":"https:\/\/vivaglamglobal.com\/es\/maria-vargas-miss-universe-mexico-2026-pisa-el-escenario-global-con-voz-propia\/#organizationLogo","width":1600,"height":1600},"image":{"@id":"https:\/\/vivaglamglobal.com\/es\/maria-vargas-miss-universe-mexico-2026-pisa-el-escenario-global-con-voz-propia\/#organizationLogo"},"sameAs":["https:\/\/facebook.com\/vivaglamglobal","https:\/\/x.com\/vivaglamglobal","https:\/\/instagram.com\/vivaglamglobal","https:\/\/tiktok.com\/@vivaglamglobal","https:\/\/pinterest.com\/vivaglamglobal","https:\/\/youtube.com\/vivaglamglobal","https:\/\/linkedin.com\/in\/vivaglamglobal","https:\/\/threads.com\/@vivaglamglobal"]},{"@type":"Person","@id":"https:\/\/vivaglamglobal.com\/es\/author\/user\/#author","url":"https:\/\/vivaglamglobal.com\/es\/author\/user\/","name":"Staff","image":{"@type":"ImageObject","@id":"https:\/\/vivaglamglobal.com\/es\/maria-vargas-miss-universe-mexico-2026-pisa-el-escenario-global-con-voz-propia\/#authorImage","url":"https:\/\/secure.gravatar.com\/avatar\/91618d41d75a4de8534513840b31d2be1c9485fb9dc8f5ffdf29c4fbf5943cb8?s=96&d=mm&r=g","width":96,"height":96,"caption":"Staff"}},{"@type":"WebPage","@id":"https:\/\/vivaglamglobal.com\/es\/maria-vargas-miss-universe-mexico-2026-pisa-el-escenario-global-con-voz-propia\/#webpage","url":"https:\/\/vivaglamglobal.com\/es\/maria-vargas-miss-universe-mexico-2026-pisa-el-escenario-global-con-voz-propia\/","name":"Mar\u00eda Vargas, Miss Universe Mexico 2026, pisa el escenario global con voz propia \u2022 Viva Glam Global","description":"La representante de Jalisco fue coronada en Los Cabos y ahora se prepara para llevar el nombre de M\u00e9xico a Miss Universe 2026 en Puerto Rico.","inLanguage":"es-ES","isPartOf":{"@id":"https:\/\/vivaglamglobal.com\/es\/#website"},"breadcrumb":{"@id":"https:\/\/vivaglamglobal.com\/es\/maria-vargas-miss-universe-mexico-2026-pisa-el-escenario-global-con-voz-propia\/#breadcrumblist"},"author":{"@id":"https:\/\/vivaglamglobal.com\/es\/author\/user\/#author"},"creator":{"@id":"https:\/\/vivaglamglobal.com\/es\/author\/user\/#author"},"image":{"@type":"ImageObject","url":"https:\/\/vivaglamglobal.com\/wp-content\/uploads\/2026\/08\/Maria-Vargas-Miss-Universe-Mexico-2026.jpg","@id":"https:\/\/vivaglamglobal.com\/es\/maria-vargas-miss-universe-mexico-2026-pisa-el-escenario-global-con-voz-propia\/#mainImage","width":1274,"height":964},"primaryImageOfPage":{"@id":"https:\/\/vivaglamglobal.com\/es\/maria-vargas-miss-universe-mexico-2026-pisa-el-escenario-global-con-voz-propia\/#mainImage"},"datePublished":"2026-08-30T09:55:03-04:00","dateModified":"2026-08-30T10:14:46-04:00"},{"@type":"WebSite","@id":"https:\/\/vivaglamglobal.com\/es\/#website","url":"https:\/\/vivaglamglobal.com\/es\/","name":"Viva Glam Global","alternateName":"Viva Glam","description":"Entertainment & Lifestyle","inLanguage":"es-ES","publisher":{"@id":"https:\/\/vivaglamglobal.com\/es\/#organization"}}]},"og:locale":"es_ES","og:site_name":"Viva Glam Global \u2022 Entertainment &amp; Lifestyle","og:type":"article","og:title":"Mar\u00eda Vargas, Miss Universe Mexico 2026, pisa el escenario global con voz propia \u2022 Viva Glam Global","og:description":"La representante de Jalisco fue coronada en Los Cabos y ahora se prepara para llevar el nombre de M\u00e9xico a Miss Universe 2026 en Puerto Rico.","og:url":"https:\/\/vivaglamglobal.com\/es\/maria-vargas-miss-universe-mexico-2026-pisa-el-escenario-global-con-voz-propia\/","og:image":"https:\/\/vivaglamglobal.com\/wp-content\/uploads\/2026\/08\/Maria-Vargas-Miss-Universe-Mexico-2026.jpg","og:image:secure_url":"https:\/\/vivaglamglobal.com\/wp-content\/uploads\/2026\/08\/Maria-Vargas-Miss-Universe-Mexico-2026.jpg","og:image:width":1274,"og:image:height":964,"article:published_time":"2026-08-30T13:55:03+00:00","article:modified_time":"2026-08-30T14:14:46+00:00","article:publisher":"https:\/\/facebook.com\/vivaglamglobal","twitter:card":"summary_large_image","twitter:site":"@vivaglamglobal","twitter:title":"Mar\u00eda Vargas, Miss Universe Mexico 2026, pisa el escenario global con voz propia \u2022 Viva Glam Global","twitter:description":"La representante de Jalisco fue coronada en Los Cabos y ahora se prepara para llevar el nombre de M\u00e9xico a Miss Universe 2026 en Puerto Rico.","twitter:creator":"@vivaglamglobal","twitter:image":"https:\/\/vivaglamglobal.com\/wp-content\/uploads\/2026\/08\/Maria-Vargas-Miss-Universe-Mexico-2026.jpg"},"aioseo_meta_data":{"post_id":"13682","title":null,"description":null,"keywords":null,"keyphrases":{"focus":{"keyphrase":"","score":0,"analysis":{"keyphraseInTitle":{"score":0,"maxScore":9,"error":1}}},"additional":[]},"focus_keyword":null,"additional_keywords":null,"truseo_locale":null,"primary_term":null,"canonical_url":null,"og_title":null,"og_description":null,"og_object_type":"default","og_image_type":"default","og_image_custom_url":null,"og_image_custom_fields":null,"og_image_url":null,"og_image_width":null,"og_image_height":null,"og_video":"","og_custom_url":null,"og_article_section":null,"og_article_tags":null,"twitter_use_og":false,"twitter_card":"default","twitter_image_type":"default","twitter_image_custom_url":null,"twitter_image_custom_fields":null,"twitter_image_url":null,"twitter_title":null,"twitter_description":null,"schema_type":"default","schema_type_options":null,"schema":{"blockGraphs":[],"customGraphs":[],"default":{"data":{"Article":[],"Course":[],"Dataset":[],"FAQPage":[],"Movie":[],"Person":[],"Product":[],"ProductReview":[],"Car":[],"Recipe":[],"Service":[],"SoftwareApplication":[],"WebPage":[]},"graphName":"BlogPosting","isEnabled":true},"graphs":[]},"pillar_content":false,"robots_default":true,"robots_noindex":false,"robots_noarchive":false,"robots_nosnippet":false,"robots_nofollow":false,"robots_noimageindex":false,"robots_noodp":false,"robots_notranslate":false,"robots_max_snippet":"-1","robots_max_videopreview":"-1","robots_max_imagepreview":"large","priority":null,"frequency":"default","local_seo":null,"limit_modified_date":false,"ai":{"faqs":[],"keyPoints":[],"schemas":[],"titles":[],"descriptions":[],"socialPosts":{"email":{"subject":"","preview":"","content":""},"linkedin":[],"twitter":[],"facebook":[],"instagram":[]}},"breadcrumb_settings":null,"seo_analyzer_scan_date":null,"created":"2026-08-30 14:14:47","updated":"2026-08-30 14:50:18"},"aioseo_breadcrumb":"<div class=\"aioseo-breadcrumbs\"><span class=\"aioseo-breadcrumb\">\n\t\t\t<a href=\"https:\/\/vivaglamglobal.com\/es\/\" title=\"Home\">Home<\/a>\n\t\t<\/span><span class=\"aioseo-breadcrumb-separator\">&raquo;<\/span><span class=\"aioseo-breadcrumb\">\n\t\t\t<a href=\"https:\/\/vivaglamglobal.com\/es\/belleza\/\" title=\"Belleza\">Belleza<\/a>\n\t\t<\/span><span class=\"aioseo-breadcrumb-separator\">&raquo;<\/span><span class=\"aioseo-breadcrumb\">\n\t\t\tMar\u00eda Vargas, Miss Universe Mexico 2026, pisa el escenario global con voz propia\n\t\t<\/span><\/div>","aioseo_breadcrumb_json":[{"label":"Home","link":"https:\/\/vivaglamglobal.com\/es\/"},{"label":"Belleza","link":"https:\/\/vivaglamglobal.com\/es\/belleza\/"},{"label":"Mar\u00eda Vargas, Miss Universe Mexico 2026, pisa el escenario global con voz propia","link":"https:\/\/vivaglamglobal.com\/es\/maria-vargas-miss-universe-mexico-2026-pisa-el-escenario-global-con-voz-propia\/"}],"jetpack_publicize_connections":[],"jetpack_sharing_enabled":true,"jetpack_featured_media_url":"https:\/\/vivaglamglobal.com\/wp-content\/uploads\/2026\/08\/Maria-Vargas-Miss-Universe-Mexico-2026.jpg","_links":{"self":[{"href":"https:\/\/vivaglamglobal.com\/es\/wp-json\/wp\/v2\/posts\/13682","targetHints":{"allow":["GET"]}}],"collection":[{"href":"https:\/\/vivaglamglobal.com\/es\/wp-json\/wp\/v2\/posts"}],"about":[{"href":"https:\/\/vivaglamglobal.com\/es\/wp-json\/wp\/v2\/types\/post"}],"author":[{"embeddable":true,"href":"https:\/\/vivaglamglobal.com\/es\/wp-json\/wp\/v2\/users\/1"}],"replies":[{"embeddable":true,"href":"https:\/\/vivaglamglobal.com\/es\/wp-json\/wp\/v2\/comments?post=13682"}],"version-history":[{"count":1,"href":"https:\/\/vivaglamglobal.com\/es\/wp-json\/wp\/v2\/posts\/13682\/revisions"}],"predecessor-version":[{"id":13684,"href":"https:\/\/vivaglamglobal.com\/es\/wp-json\/wp\/v2\/posts\/13682\/revisions\/13684"}],"wp:featuredmedia":[{"embeddable":true,"href":"https:\/\/vivaglamglobal.com\/es\/wp-json\/wp\/v2\/media\/13683"}],"wp:attachment":[{"href":"https:\/\/vivaglamglobal.com\/es\/wp-json\/wp\/v2\/media?parent=13682"}],"wp:term":[{"taxonomy":"category","embeddable":true,"href":"https:\/\/vivaglamglobal.com\/es\/wp-json\/wp\/v2\/categories?post=13682"},{"taxonomy":"post_tag","embeddable":true,"href":"https:\/\/vivaglamglobal.com\/es\/wp-json\/wp\/v2\/tags?post=13682"}],"curies":[{"name":"wp","href":"https:\/\/api.w.org\/{rel}","templated":true}]}}